{"id":2272,"date":"2013-02-10T03:02:20","date_gmt":"2013-02-10T03:02:20","guid":{"rendered":"http:\/\/conurbados.com\/?p=2272"},"modified":"2013-02-10T03:12:09","modified_gmt":"2013-02-10T03:12:09","slug":"saldo-blanco-reporta-alcalde-de-tepoztlan-durante-el-carnaval-abstemio","status":"publish","type":"post","link":"http:\/\/conurbados.com\/morelos\/2013\/saldo-blanco-reporta-alcalde-de-tepoztlan-durante-el-carnaval-abstemio\/","title":{"rendered":"Saldo blanco reporta alcalde de Tepoztl\u00e1n durante el Carnaval abstemio"},"content":{"rendered":"<figure id=\"attachment_2273\" aria-describedby=\"caption-attachment-2273\" style=\"width: 470px\" class=\"wp-caption alignnone\"><a href=\"http:\/\/conurbados.com\/2013\/saldo-blanco-reporta-alcalde-de-tepoztlan-durante-el-carnaval-abstemio\/nina-chinelaportal\/\" target=\"_blank\" rel=\"attachment wp-att-2273\"><img loading=\"lazy\" decoding=\"async\" class=\" wp-image-2273 \" alt=\"Ni\u00f1a chinela en Tepoztl\u00e1n, Morelos\" src=\"http:\/\/conurbados.com\/morelos\/wp-content\/uploads\/2013\/02\/Ni\u00f1a-chinelaportal.jpg\" width=\"470\" height=\"311\" srcset=\"http:\/\/conurbados.com\/morelos\/wp-content\/uploads\/2013\/02\/Ni\u00f1a-chinelaportal.jpg 2000w, http:\/\/conurbados.com\/morelos\/wp-content\/uploads\/2013\/02\/Ni\u00f1a-chinelaportal-300x198.jpg 300w, http:\/\/conurbados.com\/morelos\/wp-content\/uploads\/2013\/02\/Ni\u00f1a-chinelaportal-1024x678.jpg 1024w\" sizes=\"auto, (max-width: 470px) 100vw, 470px\" \/><\/a><figcaption id=\"caption-attachment-2273\" class=\"wp-caption-text\">Ni\u00f1a chinela en Tepoztl\u00e1n, Morelos<\/figcaption><\/figure>\n<p>Por M\u00e1ximo Cerdio<\/p>\n<p>Cuernavaca, Morelos; 9 de febrero de 2013. Hasta las 5 de la tarde tenemos saldo blanco en t\u00e9rminos de heridos o accidentados y se observa una buena convivencia, la gente est\u00e1 alegre y disfrutando en familia, dijo el alcalde de Tepoztl\u00e1n Francisco Navarrete Conde.<\/p>\n<p>A pesar de que no hay venta del alcohol, la gente se la est\u00e1 pasando bien porque ha entendido que se trata de convivir de manera sana y de divertirse sin beber; eso lo han entendido y en ello han colaborado todo el pueblo, dio a conocer Navarrete Conde.<\/p>\n<figure id=\"attachment_2277\" aria-describedby=\"caption-attachment-2277\" style=\"width: 470px\" class=\"wp-caption alignnone\"><a href=\"http:\/\/conurbados.com\/2013\/saldo-blanco-reporta-alcalde-de-tepoztlan-durante-el-carnaval-abstemio\/chinelitos-2\/\" target=\"_blank\" rel=\"attachment wp-att-2277\"><img loading=\"lazy\" decoding=\"async\" class=\" wp-image-2277 \" alt=\"Chinelitos en Tepoztl\u00e1n\" src=\"http:\/\/conurbados.com\/morelos\/wp-content\/uploads\/2013\/02\/chinelitos-2.jpg\" width=\"470\" height=\"311\" srcset=\"http:\/\/conurbados.com\/morelos\/wp-content\/uploads\/2013\/02\/chinelitos-2.jpg 2000w, http:\/\/conurbados.com\/morelos\/wp-content\/uploads\/2013\/02\/chinelitos-2-300x198.jpg 300w, http:\/\/conurbados.com\/morelos\/wp-content\/uploads\/2013\/02\/chinelitos-2-1024x678.jpg 1024w\" sizes=\"auto, (max-width: 470px) 100vw, 470px\" \/><\/a><figcaption id=\"caption-attachment-2277\" class=\"wp-caption-text\">Chinelitos en Tepoztl\u00e1n<\/figcaption><\/figure>\n<p>Hoy fue el desfile de comparsa de chinelos ni\u00f1os. A las 15:30 el presidente municipal acompa\u00f1ado de algunos funcionarios y de la los padres de los ni\u00f1os chinelos de las diferentes comparas, iniciaron la caminata, a ritmo de banda, por las principales calles rumbo al z\u00f3calo y seguidos de una multitud de turistas nacionales y extranjeros.<\/p>\n<p>La banda retumbaba por las piedras y las madres tomaban fotograf\u00edas a sus peque\u00f1os.<\/p>\n<p>En el z\u00f3calo los chinelitos dieron varias vueltas seguidos de la m\u00fasica y dando el tradicional brinco.<\/p>\n<p>En algunas calles se pod\u00eda observar a mujeres que imped\u00edan el paso a muchachos que llevaban cervezas o micheladas. Les ped\u00edan que se las terminaran antes de entrar o que las tiraran en unas bolsas negras de basura.<\/p>\n<p>Tambi\u00e9n e percibi\u00f3 la presencia de polic\u00edas de Tepoztl\u00e1n y de otros municipios vigilando las calles. \u201cHoy no hemos metido a nadie a la c\u00e1rcel por beber; hemos encontrado a gente con cerveza y se le ha dicho de buenas maneras que no beba; el a\u00f1o pasado a estas horas ya hab\u00eda varios encarcelados\u201d, dijo un elemento policiaco.<\/p>\n<figure id=\"attachment_2279\" aria-describedby=\"caption-attachment-2279\" style=\"width: 470px\" class=\"wp-caption alignnone\"><a href=\"http:\/\/conurbados.com\/2013\/saldo-blanco-reporta-alcalde-de-tepoztlan-durante-el-carnaval-abstemio\/polis-y-bebedores\/\" target=\"_blank\" rel=\"attachment wp-att-2279\"><img loading=\"lazy\" decoding=\"async\" class=\" wp-image-2279 \" alt=\"Polis y bebedores en Tepoztl\u00e1n\" src=\"http:\/\/conurbados.com\/morelos\/wp-content\/uploads\/2013\/02\/Polis-y-bebedores.jpg\" width=\"470\" height=\"341\" srcset=\"http:\/\/conurbados.com\/morelos\/wp-content\/uploads\/2013\/02\/Polis-y-bebedores.jpg 2000w, http:\/\/conurbados.com\/morelos\/wp-content\/uploads\/2013\/02\/Polis-y-bebedores-300x217.jpg 300w, http:\/\/conurbados.com\/morelos\/wp-content\/uploads\/2013\/02\/Polis-y-bebedores-1024x743.jpg 1024w\" sizes=\"auto, (max-width: 470px) 100vw, 470px\" \/><\/a><figcaption id=\"caption-attachment-2279\" class=\"wp-caption-text\">Polis y bebedores en Tepoztl\u00e1n<\/figcaption><\/figure>\n<p>Por su parte \u00d3scar Ort\u00edz Rojas, director general de Seguridad P\u00fablica de Tepoztl\u00e1n, dio a conocer que hasta las tres de la tarde de ese d\u00eda no hab\u00eda ning\u00fan contratiempo. Ayer, como a las nueve de la noche atrapamos a tres personas que al parecer robaron un Tusru azul en la calle Zaragoza. Nos reportaron el robo y los detuvimos a la altura del Suspiro, tres personas y un veh\u00edculo, a quienes se pusieron a disposici\u00f3n del Ministerio P\u00fablico\u201d, dijo el comandante.<\/p>\n<p>Tambi\u00e9n refiri\u00f3 que a diferencia del a\u00f1o pasado se nota m\u00e1s el apoyo de los polic\u00edas de los municipios aleda\u00f1os y m\u00e1s coordinaci\u00f3n.<\/p>\n","protected":false},"excerpt":{"rendered":"<p>Por M\u00e1ximo Cerdio Cuernavaca, Morelos; 9 de febrero de 2013. Hasta las 5 de la tarde tenemos saldo blanco en t\u00e9rminos de heridos o accidentados y se observa una buena convivencia, la gente est\u00e1 alegre y disfrutando en familia, dijo el alcalde de Tepoztl\u00e1n Francisco Navarrete Conde. A pesar de que no hay venta del &hellip; <\/p>\n<p class=\"link-more\"><a href=\"http:\/\/conurbados.com\/morelos\/2013\/saldo-blanco-reporta-alcalde-de-tepoztlan-durante-el-carnaval-abstemio\/\" class=\"more-link\">Continuar leyendo<span class=\"screen-reader-text\"> \u00abSaldo blanco reporta alcalde de Tepoztl\u00e1n durante el Carnaval abstemio\u00bb<\/span><\/a><\/p>\n","protected":false},"author":3,"featured_media":0,"comment_status":"closed","ping_status":"closed","sticky":false,"template":"","format":"standard","meta":{"jetpack_post_was_ever_published":false,"_jetpack_newsletter_access":"","_jetpack_dont_email_post_to_subs":false,"_jetpack_newsletter_tier_id":0,"_jetpack_memberships_contains_paywalled_content":false,"_jetpack_memberships_contains_paid_content":false,"footnotes":"","jetpack_publicize_message":"","jetpack_publicize_feature_enabled":true,"jetpack_social_post_already_shared":false,"jetpack_social_options":{"image_generator_settings":{"template":"highway","enabled":false},"version":2}},"categories":[3,8],"tags":[],"class_list":["post-2272","post","type-post","status-publish","format-standard","hentry","category-principal","category-sociedad"],"jetpack_publicize_connections":[],"jetpack_featured_media_url":"","jetpack_sharing_enabled":true,"jetpack_shortlink":"https:\/\/wp.me\/p3YkcD-AE","_links":{"self":[{"href":"http:\/\/conurbados.com\/morelos\/wp-json\/wp\/v2\/posts\/2272","targetHints":{"allow":["GET"]}}],"collection":[{"href":"http:\/\/conurbados.com\/morelos\/wp-json\/wp\/v2\/posts"}],"about":[{"href":"http:\/\/conurbados.com\/morelos\/wp-json\/wp\/v2\/types\/post"}],"author":[{"embeddable":true,"href":"http:\/\/conurbados.com\/morelos\/wp-json\/wp\/v2\/users\/3"}],"replies":[{"embeddable":true,"href":"http:\/\/conurbados.com\/morelos\/wp-json\/wp\/v2\/comments?post=2272"}],"version-history":[{"count":6,"href":"http:\/\/conurbados.com\/morelos\/wp-json\/wp\/v2\/posts\/2272\/revisions"}],"predecessor-version":[{"id":2276,"href":"http:\/\/conurbados.com\/morelos\/wp-json\/wp\/v2\/posts\/2272\/revisions\/2276"}],"wp:attachment":[{"href":"http:\/\/conurbados.com\/morelos\/wp-json\/wp\/v2\/media?parent=2272"}],"wp:term":[{"taxonomy":"category","embeddable":true,"href":"http:\/\/conurbados.com\/morelos\/wp-json\/wp\/v2\/categories?post=2272"},{"taxonomy":"post_tag","embeddable":true,"href":"http:\/\/conurbados.com\/morelos\/wp-json\/wp\/v2\/tags?post=2272"}],"curies":[{"name":"wp","href":"https:\/\/api.w.org\/{rel}","templated":true}]}}